{"id":6890,"date":"2026-01-23T06:52:46","date_gmt":"2026-01-23T06:52:46","guid":{"rendered":"https:\/\/arcanorossonero.it\/?p=6890"},"modified":"2026-01-23T06:52:46","modified_gmt":"2026-01-23T06:52:46","slug":"vigilia-bollente-quella-tra-il-latina-e-il-foggia","status":"publish","type":"post","link":"https:\/\/arcanorossonero.it\/index.php\/2026\/01\/23\/vigilia-bollente-quella-tra-il-latina-e-il-foggia\/","title":{"rendered":"Vigilia &#8220;bollente&#8221; quella tra il Latina e il Foggia"},"content":{"rendered":"<p>Il &#8220;nuovo&#8221; Foggia di Gennaro Casillo e Giuseppe De Vitto si presenta a Latina avendo iniziato un &#8220;restyling&#8221;, ancora parziale, che arriva dal calcio mercato invernale. Ufficializzati e presentati Maxime Giron e Gianmarco Cangiano dalla societ\u00e0 rossonera, che potrebbero gi\u00e0 essere convocati per la trasferta Laziale, adeso si aspetta, dopo le visite mediche di rito, l&#8217;arrivo a Foggia del &#8220;bomber&#8221; Federico Vazquez. Ma altri profili arriveranno alla corte di Enrico Barilari come ha detto ieri il DS Carlo Musa per cambiare completamente il volto della squadra rossonera e questo per arrivare senza grossi problemi all&#8217;obiettivo primario della salvezza.<br \/>\nCome al solito purtroppo per\u00f2 ogni giorno c&#8217;\u00e8 qualcosa che ci fa &#8220;perdere le staffe&#8221; ed \u00e8 la solita storia di dover sentire oppure leggere nomi di calciatori che la societ\u00e0 rossonera sembra stia trattando, come per esempio quelli di Brignola e soprattutto di Damiano Menna centrale di difesa dell&#8217;Ascoli. Il Ds Carlo Musa ci ha personalmente smentito l&#8217;interessamento del Foggia su entrambi i nomi. Su Damiano Menna, poi , nome che ha fatto sempre sempre lo stesso ben informato (!!!!), il quale spara sempre una quantit\u00e0 industriale di nomi a caso con la speranza che nel mucchio qualcuno arrivi, la smentita \u00e8 stata fatta direttamente a dall&#8217;interessato e sul cui nome ci siamo accordi che era tutto uno scherzo architettato da alcuni &#8220;buontemponi&#8221; su un Forum che parla del Foggia che lo hanno messo in rete per verificare chi avrebbe raccolto la loro &#8221; fake news&#8221; e infatti ci sono riusciti perch\u00e8 \u00e8 stato ripreso, senza alcuna conferma, detto, scritto e dato in pasto ai tifosi, su cui dopo \u00e8 stata fatta la correzione sul sito di questa testata giornalistica ma solo dopo che ormai la &#8220;bufala&#8221; era stata messa in circolazione.<\/p>\n<p><img loading=\"lazy\" decoding=\"async\" class=\"alignnone size-medium wp-image-6893\" src=\"https:\/\/arcanorossonero.it\/wp-content\/uploads\/2026\/01\/IMG-20260122-WA0007-300x293.jpg\" alt=\"\" width=\"300\" height=\"293\" \/><br \/>\nPer questo motivo invitiamo ancora una volta, i tifosi ad aspettare e a non credere, soprattutto durante le sessioni del calcio mercato, alle barzellette che arrivano sempre dalla stessa fonte &#8220;inattendibile&#8221; e continuiamo a dirvi di aspettare solo le comunicazioni ufficiali della societ\u00e0 come abbiamo fatto sempre noi e allo stesso tempo lo ricordiamo anche i tifosi che sanno certamente dove a da chi devono attingere le indiscrezioni e le notizie che rispecchiano la verit\u00e0 e non le solite &#8220;fake news&#8221; che sono solo fumo negli occhi.<\/p>\n<p><img loading=\"lazy\" decoding=\"async\" class=\"alignnone size-medium wp-image-5803\" src=\"https:\/\/arcanorossonero.it\/wp-content\/uploads\/2025\/06\/Tribunale-Federale-Nazionale-e1452704847374-300x211.jpg\" alt=\"\" width=\"300\" height=\"211\" srcset=\"https:\/\/arcanorossonero.it\/wp-content\/uploads\/2025\/06\/Tribunale-Federale-Nazionale-e1452704847374-300x211.jpg 300w, https:\/\/arcanorossonero.it\/wp-content\/uploads\/2025\/06\/Tribunale-Federale-Nazionale-e1452704847374.jpg 488w\" sizes=\"auto, (max-width: 300px) 100vw, 300px\" \/><br \/>\nIeri si attendevano notizie dal Tribunale Federale Nazionale, che puntualmente sono arrivate, sulla sorte del Siracusa che dovrebbe essere penalizzato di -6 punti ma soprattutto sul Trapani, che gi\u00e0 sanzionato con un -15 in classifica, \u00e8 seriamente compromesso al punto che potrebbe essere addirittura escluso dal campionato. Su tutte e due le societ\u00e0 il TFN ha rinviato la decisione, per il Siracusa a fine febbraio mentre per il Trapani del presidente &#8220;bla bla bla&#8221; Valerio Antonini addirittura al 9 marzo prossimo. Questo perch\u00e8 la Lega e il TFN aspettano il 16 febbraio che \u00e8 il giorno stabilito per le scadenza dei pagamanti sia degli emolumenti ma anche dei contributi e delle fiscalit\u00e0.<br \/>\nIntanto domani il nuovo Foggia si presenta al &#8220;Francioni&#8221; dopo la vittoria nello scontro diretto vinto contro il Giugliano, senza Castorri squalificato ma con il chiaro intento di tornare da questa difficile trasferta con punti preziosi per la sua classifica che vede i rossoneri dietro al Latina di un solo punto e alla vigilia della partita del 1\u00b0 febbraio che sar\u00e0 giocata allo Zaccheria contro i cugini dell&#8217;Audace Cerignola.<br \/>\nLa squadra di Volpe, il Latina, dopo due vittorie consecutive contro Atalanta U23 e Trapani, la scorsa giornata non \u00e8 andata oltre lo 0 a0 nello scontro salvezza contro il Picerno. Questo ha consentito ai nerazzurri di amntenere la distanza, anche se di un solo punto, dalla zona play out, quindi la partita sar\u00e0 ancora una volta complicata ma il &#8220;nuovo &#8221; Foggia pu\u00f2 giocarsela con un ritrovato spirito ed entusiasmo per dimostrare sul campo che pu\u00f2 dire la sua, anche se con ritardo, in questo torneo e sicuramente il mercato di riparazione di gennaio insieme all&#8217;arrivo della nuova propriet\u00e0 con Casillo e De Vitto possono fare la differenza.<\/p>\n","protected":false},"excerpt":{"rendered":"<p>Il &#8220;nuovo&#8221; Foggia di Gennaro Casillo e Giuseppe De Vitto si presenta a Latina avendo iniziato un &#8220;restyling&#8221;, ancora parziale, che arriva dal calcio mercato invernale. Ufficializzati e presentati Maxime Giron e Gianmarco Cangiano dalla societ\u00e0 rossonera, che potrebbero gi\u00e0 essere convocati per la trasferta Laziale, adeso si aspetta, dopo le visite mediche di rito, [&hellip;]<\/p>\n","protected":false},"author":1,"featured_media":2247,"comment_status":"open","ping_status":"open","sticky":false,"template":"","format":"standard","meta":{"footnotes":""},"categories":[137,143,1],"tags":[],"class_list":["post-6890","post","type-post","status-publish","format-standard","has-post-thumbnail","hentry","category-calcio-mercato","category-campionato","category-tabellini-partite"],"_links":{"self":[{"href":"https:\/\/arcanorossonero.it\/index.php\/wp-json\/wp\/v2\/posts\/6890","targetHints":{"allow":["GET"]}}],"collection":[{"href":"https:\/\/arcanorossonero.it\/index.php\/wp-json\/wp\/v2\/posts"}],"about":[{"href":"https:\/\/arcanorossonero.it\/index.php\/wp-json\/wp\/v2\/types\/post"}],"author":[{"embeddable":true,"href":"https:\/\/arcanorossonero.it\/index.php\/wp-json\/wp\/v2\/users\/1"}],"replies":[{"embeddable":true,"href":"https:\/\/arcanorossonero.it\/index.php\/wp-json\/wp\/v2\/comments?post=6890"}],"version-history":[{"count":2,"href":"https:\/\/arcanorossonero.it\/index.php\/wp-json\/wp\/v2\/posts\/6890\/revisions"}],"predecessor-version":[{"id":6894,"href":"https:\/\/arcanorossonero.it\/index.php\/wp-json\/wp\/v2\/posts\/6890\/revisions\/6894"}],"wp:featuredmedia":[{"embeddable":true,"href":"https:\/\/arcanorossonero.it\/index.php\/wp-json\/wp\/v2\/media\/2247"}],"wp:attachment":[{"href":"https:\/\/arcanorossonero.it\/index.php\/wp-json\/wp\/v2\/media?parent=6890"}],"wp:term":[{"taxonomy":"category","embeddable":true,"href":"https:\/\/arcanorossonero.it\/index.php\/wp-json\/wp\/v2\/categories?post=6890"},{"taxonomy":"post_tag","embeddable":true,"href":"https:\/\/arcanorossonero.it\/index.php\/wp-json\/wp\/v2\/tags?post=6890"}],"curies":[{"name":"wp","href":"https:\/\/api.w.org\/{rel}","templated":true}]}}